{"id":7094,"date":"2024-02-29T14:23:00","date_gmt":"2024-02-29T13:23:00","guid":{"rendered":"https:\/\/www.domizilagentur.ch\/?p=7094"},"modified":"2024-11-14T10:34:57","modified_gmt":"2024-11-14T09:34:57","slug":"managing-director-and-board-mandate-in-switzerland-zug-zurich","status":"publish","type":"post","link":"https:\/\/www.domizilagentur.ch\/en\/managing-director-and-board-mandate-in-switzerland-zug-zurich\/","title":{"rendered":"Managing director and board \u2028mandate in Switzerland, Zug, Zurich"},"content":{"rendered":"<div class=\"fusion-fullwidth fullwidth-box fusion-builder-row-1 fusion-flex-container nonhundred-percent-fullwidth non-hundred-percent-height-scrolling\" style=\"--awb-border-radius-top-left:0px;--awb-border-radius-top-right:0px;--awb-border-radius-bottom-right:0px;--awb-border-radius-bottom-left:0px;--awb-flex-wrap:wrap;\" ><div class=\"fusion-builder-row fusion-row fusion-flex-align-items-flex-start fusion-flex-content-wrap\" style=\"max-width:1310.4px;margin-left: calc(-4% \/ 2 );margin-right: calc(-4% \/ 2 );\"><div class=\"fusion-layout-column fusion_builder_column fusion-builder-column-0 fusion_builder_column_1_1 1_1 fusion-flex-column\" style=\"--awb-bg-blend:overlay;--awb-bg-size:cover;--awb-width-large:100%;--awb-margin-top-large:0px;--awb-spacing-right-large:1.92%;--awb-margin-bottom-large:0px;--awb-spacing-left-large:1.92%;--awb-width-medium:100%;--awb-spacing-right-medium:1.92%;--awb-spacing-left-medium:1.92%;--awb-width-small:100%;--awb-spacing-right-small:1.92%;--awb-spacing-left-small:1.92%;\"><div class=\"fusion-column-wrapper fusion-flex-justify-content-flex-start fusion-content-layout-column\"><div class=\"fusion-builder-row fusion-builder-row-inner fusion-row fusion-flex-align-items-flex-start fusion-flex-content-wrap\" style=\"--awb-flex-grow:0;--awb-flex-grow-medium:0;--awb-flex-grow-small:0;--awb-flex-shrink:0;--awb-flex-shrink-medium:0;--awb-flex-shrink-small:0;width:104% !important;max-width:104% !important;margin-left: calc(-4% \/ 2 );margin-right: calc(-4% \/ 2 );\"><div class=\"fusion-layout-column fusion_builder_column_inner fusion-builder-nested-column-0 fusion_builder_column_inner_1_2 1_2 fusion-flex-column fusion-flex-align-self-center\" style=\"--awb-bg-size:cover;--awb-width-large:50%;--awb-margin-top-large:20px;--awb-spacing-right-large:3.84%;--awb-margin-bottom-large:20px;--awb-spacing-left-large:3.84%;--awb-width-medium:50%;--awb-order-medium:0;--awb-spacing-right-medium:3.84%;--awb-spacing-left-medium:3.84%;--awb-width-small:100%;--awb-order-small:0;--awb-spacing-right-small:1.92%;--awb-spacing-left-small:1.92%;\" data-scroll-devices=\"small-visibility,medium-visibility,large-visibility\"><div class=\"fusion-column-wrapper fusion-column-has-shadow fusion-flex-justify-content-flex-start fusion-content-layout-column\"><div class=\"fusion-title title fusion-title-1 fusion-sep-none fusion-title-text fusion-title-size-one\" style=\"--awb-margin-top-small:10px;--awb-margin-right-small:0px;--awb-margin-bottom-small:20px;--awb-margin-left-small:0px;\"><h1 class=\"fusion-title-heading title-heading-left fusion-responsive-typography-calculated\" style=\"margin:0;--fontSize:40;line-height:1.16;\"><p>Managing director and board \u2028mandate in Switzerland, Zug, Zurich<\/p>\n<p>\u2013 what you need \u2028to know<\/p><\/h1><\/div><\/div><\/div><div class=\"fusion-layout-column fusion_builder_column_inner fusion-builder-nested-column-1 fusion_builder_column_inner_1_6 1_6 fusion-flex-column\" style=\"--awb-bg-size:cover;--awb-width-large:16.666666666667%;--awb-margin-top-large:20px;--awb-spacing-right-large:11.52%;--awb-margin-bottom-large:20px;--awb-spacing-left-large:11.52%;--awb-width-medium:16.666666666667%;--awb-order-medium:0;--awb-spacing-right-medium:11.52%;--awb-spacing-left-medium:11.52%;--awb-width-small:100%;--awb-order-small:0;--awb-spacing-right-small:1.92%;--awb-spacing-left-small:1.92%;\"><div class=\"fusion-column-wrapper fusion-column-has-shadow fusion-flex-justify-content-flex-start fusion-content-layout-column\"><\/div><\/div><div class=\"fusion-layout-column fusion_builder_column_inner fusion-builder-nested-column-2 fusion_builder_column_inner_1_3 1_3 fusion-flex-column\" style=\"--awb-bg-size:cover;--awb-width-large:33.333333333333%;--awb-margin-top-large:20px;--awb-spacing-right-large:5.76%;--awb-margin-bottom-large:20px;--awb-spacing-left-large:5.76%;--awb-width-medium:33.333333333333%;--awb-order-medium:0;--awb-spacing-right-medium:5.76%;--awb-spacing-left-medium:5.76%;--awb-width-small:100%;--awb-order-small:0;--awb-spacing-right-small:1.92%;--awb-spacing-left-small:1.92%;\"><div class=\"fusion-column-wrapper fusion-column-has-shadow fusion-flex-justify-content-flex-start fusion-content-layout-column\"><div class=\"fusion-image-element\" style=\"--awb-aspect-ratio:1 \/ 1;--awb-caption-title-font-family:var(--h2_typography-font-family);--awb-caption-title-font-weight:var(--h2_typography-font-weight);--awb-caption-title-font-style:var(--h2_typography-font-style);--awb-caption-title-size:var(--h2_typography-font-size);--awb-caption-title-transform:var(--h2_typography-text-transform);--awb-caption-title-line-height:var(--h2_typography-line-height);--awb-caption-title-letter-spacing:var(--h2_typography-letter-spacing);\"><span class=\" fusion-imageframe imageframe-none imageframe-1 hover-type-none has-aspect-ratio\" style=\"border-radius:12px;\"><img decoding=\"async\" width=\"1400\" height=\"933\" alt=\"Managing director and board \u2028mandate in Switzerland, Zug, Zurich\" title=\"Managing director and board \u2028mandate in Switzerland, Zug, Zurich\" src=\"https:\/\/www.domizilagentur.ch\/wp-content\/uploads\/2024\/02\/Geschaeftsfuehrer-und-VR-Mandat-in-der-Schweiz.webp\" data-orig-src=\"https:\/\/www.domizilagentur.ch\/wp-content\/uploads\/2024\/02\/Geschaeftsfuehrer-und-VR-Mandat-in-der-Schweiz.webp\" class=\"lazyload img-responsive wp-image-7110 img-with-aspect-ratio\" data-parent-fit=\"cover\" data-parent-container=\".fusion-image-element\" srcset=\"data:image\/svg+xml,%3Csvg%20xmlns%3D%27http%3A%2F%2Fwww.w3.org%2F2000%2Fsvg%27%20width%3D%271400%27%20height%3D%27933%27%20viewBox%3D%270%200%201400%20933%27%3E%3Crect%20width%3D%271400%27%20height%3D%27933%27%20fill-opacity%3D%220%22%2F%3E%3C%2Fsvg%3E\" data-srcset=\"https:\/\/www.domizilagentur.ch\/wp-content\/uploads\/2024\/02\/Geschaeftsfuehrer-und-VR-Mandat-in-der-Schweiz-200x133.webp 200w, https:\/\/www.domizilagentur.ch\/wp-content\/uploads\/2024\/02\/Geschaeftsfuehrer-und-VR-Mandat-in-der-Schweiz-400x267.webp 400w, https:\/\/www.domizilagentur.ch\/wp-content\/uploads\/2024\/02\/Geschaeftsfuehrer-und-VR-Mandat-in-der-Schweiz-600x400.webp 600w, https:\/\/www.domizilagentur.ch\/wp-content\/uploads\/2024\/02\/Geschaeftsfuehrer-und-VR-Mandat-in-der-Schweiz-800x533.webp 800w, https:\/\/www.domizilagentur.ch\/wp-content\/uploads\/2024\/02\/Geschaeftsfuehrer-und-VR-Mandat-in-der-Schweiz-1200x800.webp 1200w, https:\/\/www.domizilagentur.ch\/wp-content\/uploads\/2024\/02\/Geschaeftsfuehrer-und-VR-Mandat-in-der-Schweiz.webp 1400w\" data-sizes=\"auto\" data-orig-sizes=\"(max-width: 640px) 100vw, 400px\" \/><\/span><\/div><\/div><\/div><\/div><div class=\"fusion-text fusion-text-1\"><p>Whether it&#8217;s in Zug or Zurich, anyone who has a company in Switzerland needs a <a href=\"https:\/\/www.domizilagentur.ch\/en\/managing-director-board-of-directors-mandate-switzerland-zug-zurich\/\">managing director or board of directors based in Switzerland<\/a>. But what to do if you can&#8217;t find a suitable expert? This is exactly what our managing director and board mandate are for. Find out all you need to know here.<\/p>\n<h3>Key facts at a glance:<\/h3>\n<ul>\n<li>Managing director mandate for Swiss GmbHs: Required for the management of a GmbH in Switzerland by a person residing in Switzerland. A managing director mandate allows you to appoint an external expert in a given field.<\/li>\n<li>Board mandate for Swiss stock corporations: Required for the representation of a stock corporation in Switzerland by a person residing in Switzerland. A board mandate allows you to appoint an external board of directors.<\/li>\n<li>Reasons for transferring mandates: Transfer for reasons such as anonymity, lack of time or lack of expertise. A mandate contract regulates the tasks and responsibilities of the mandate holder.<\/li>\n<\/ul>\n<h3>Why should I transfer the mandate?<\/h3>\n<p>There are various reasons why the <a href=\"https:\/\/www.domizilagentur.ch\/en\/managing-director-board-of-directors-mandate-switzerland-zug-zurich\/\">management or board mandate<\/a> is transferred to an external service provider. These include the desire for anonymity, lack of time, lack of expertise \u2013 or the need for foreign company founders to appoint a representative residing in Switzerland. The exact tasks and responsibilities of the mandate holder are defined in a mandate contract. In doing so, the mandate holder must always act in the interest of the company or the enterprise and comply with applicable law.<\/p>\n<h3>Managing director mandate for Swiss GmbHs<\/h3>\n<p>For a GmbH in Switzerland, it is legally required that the management is carried out by a person residing in Switzerland. This poses a challenge, especially for foreign investors and company founders. To meet this requirement, you can give service providers such as us a managing director mandate.<\/p>\n<ul>\n<li>In the case of a managing director mandate, an external expert is commissioned to take over the role of managing director. However, decision-making power resides with the company. This means that the commissioned managing director acts exclusively according to the specifications of the client.<\/li>\n<li>The benefits of such a mandate are comprehensive. From individual support to flexible design options to compliance with legal requirements. Companies can thus operate without their own presence in Switzerland and still meet all legal requirements.<\/li>\n<\/ul>\n<h3>Board mandate for Swiss stock corporations<\/h3>\n<p>Similar to the managing director mandate, stock corporations in Switzerland must also be represented by a person residing in Switzerland. The board mandate makes it possible to appoint an external board of directors that represents the interests of the company and makes strategic decisions if desired.<\/p>\n<ul>\n<li>Even with the mandate of the Board of Directors, decision-making power resides with the company. While the board of directors acts on behalf of and in the interest of the company.<\/li>\n<li>The advantages of a board mandate are the same as with the managing director mandate: compliance with legal regulations without being based in Switzerland; and, if desired, the strategic management of the company.<\/li>\n<\/ul>\n<h3>What do board or managing director mandates cost?<\/h3>\n<p>The cost of a board mandate depends on various factors \u2013 including the scope of responsibilities and the time investment required. Take a look at our services pages and find out more about the costs of your mandate: to the board mandate; to the managing director mandate.<\/p>\n<h3>Closing remarks<\/h3>\n<p>A managing director and board mandate in Switzerland offers a flexible and legally compliant solution for companies that want to operate in Switzerland. Transferring these mandates to external service providers can be useful for various reasons \u2013 and doing so makes it possible to exercise legally compliant and efficient corporate management.<\/p>\n<\/div><\/div><\/div><\/div><\/div>\n","protected":false},"excerpt":{"rendered":"","protected":false},"author":1,"featured_media":7110,"comment_status":"closed","ping_status":"closed","sticky":false,"template":"","format":"standard","meta":{"footnotes":""},"categories":[66],"tags":[213,214,215],"class_list":["post-7094","post","type-post","status-publish","format-standard","has-post-thumbnail","hentry","category-all","tag-geschaeftsadresse-schweiz-en","tag-geschaeftsadresse-zug-en","tag-geschaeftsadresse-zuerich-en"],"yoast_head":"<!-- This site is optimized with the Yoast SEO Premium plugin v28.3 (Yoast SEO v28.3) - https:\/\/yoast.com\/product\/yoast-seo-premium-wordpress\/ -->\n<title>Managing director and board \u2028mandate in Switzerland, Zug, Zurich - Domizilagentur GmbH<\/title>\n<meta name=\"description\" content=\"Whether it\u2019s in Zug or Zurich, anyone who has a company in Switzerland needs a managing director or board of directors based in Switzerland.\" \/>\n<meta name=\"robots\" content=\"index, follow, max-snippet:-1, max-image-preview:large, max-video-preview:-1\" \/>\n<link rel=\"canonical\" href=\"https:\/\/www.domizilagentur.ch\/en\/managing-director-and-board-mandate-in-switzerland-zug-zurich\/\" \/>\n<meta property=\"og:locale\" content=\"en_US\" \/>\n<meta property=\"og:type\" content=\"article\" \/>\n<meta property=\"og:title\" content=\"Managing director and board \u2028mandate in Switzerland, Zug, Zurich\" \/>\n<meta property=\"og:description\" content=\"Whether it\u2019s in Zug or Zurich, anyone who has a company in Switzerland needs a managing director or board of directors based in Switzerland.\" \/>\n<meta property=\"og:url\" content=\"https:\/\/www.domizilagentur.ch\/en\/managing-director-and-board-mandate-in-switzerland-zug-zurich\/\" \/>\n<meta property=\"og:site_name\" content=\"Domizilagentur GmbH\" \/>\n<meta property=\"article:published_time\" content=\"2024-02-29T13:23:00+00:00\" \/>\n<meta property=\"article:modified_time\" content=\"2024-11-14T09:34:57+00:00\" \/>\n<meta property=\"og:image\" content=\"https:\/\/www.domizilagentur.ch\/wp-content\/uploads\/2024\/02\/Geschaeftsfuehrer-und-VR-Mandat-in-der-Schweiz.webp\" \/>\n\t<meta property=\"og:image:width\" content=\"1400\" \/>\n\t<meta property=\"og:image:height\" content=\"933\" \/>\n\t<meta property=\"og:image:type\" content=\"image\/webp\" \/>\n<meta name=\"author\" content=\"arben\" \/>\n<meta name=\"twitter:card\" content=\"summary_large_image\" \/>\n<meta name=\"twitter:label1\" content=\"Written by\" \/>\n\t<meta name=\"twitter:data1\" content=\"arben\" \/>\n\t<meta name=\"twitter:label2\" content=\"Est. reading time\" \/>\n\t<meta name=\"twitter:data2\" content=\"4 minutes\" \/>\n<script type=\"application\/ld+json\" class=\"yoast-schema-graph\">{\"@context\":\"https:\\\/\\\/schema.org\",\"@graph\":[{\"@type\":\"Article\",\"@id\":\"https:\\\/\\\/www.domizilagentur.ch\\\/en\\\/managing-director-and-board-mandate-in-switzerland-zug-zurich\\\/#article\",\"isPartOf\":{\"@id\":\"https:\\\/\\\/www.domizilagentur.ch\\\/en\\\/managing-director-and-board-mandate-in-switzerland-zug-zurich\\\/\"},\"author\":{\"name\":\"arben\",\"@id\":\"https:\\\/\\\/www.domizilagentur.ch\\\/en\\\/#\\\/schema\\\/person\\\/93f8991c07403c6b84d9592138b21b00\"},\"headline\":\"Managing director and board \\u2028mandate in Switzerland, Zug, Zurich\",\"datePublished\":\"2024-02-29T13:23:00+00:00\",\"dateModified\":\"2024-11-14T09:34:57+00:00\",\"mainEntityOfPage\":{\"@id\":\"https:\\\/\\\/www.domizilagentur.ch\\\/en\\\/managing-director-and-board-mandate-in-switzerland-zug-zurich\\\/\"},\"wordCount\":2102,\"publisher\":{\"@id\":\"https:\\\/\\\/www.domizilagentur.ch\\\/en\\\/#organization\"},\"image\":{\"@id\":\"https:\\\/\\\/www.domizilagentur.ch\\\/en\\\/managing-director-and-board-mandate-in-switzerland-zug-zurich\\\/#primaryimage\"},\"thumbnailUrl\":\"https:\\\/\\\/www.domizilagentur.ch\\\/wp-content\\\/uploads\\\/2024\\\/02\\\/Geschaeftsfuehrer-und-VR-Mandat-in-der-Schweiz.webp\",\"keywords\":[\"Gesch\u00e4ftsadresse Schweiz\",\"Gesch\u00e4ftsadresse Zug\",\"Gesch\u00e4ftsadresse Z\u00fcrich\"],\"articleSection\":[\"All\"],\"inLanguage\":\"en-US\"},{\"@type\":\"WebPage\",\"@id\":\"https:\\\/\\\/www.domizilagentur.ch\\\/en\\\/managing-director-and-board-mandate-in-switzerland-zug-zurich\\\/\",\"url\":\"https:\\\/\\\/www.domizilagentur.ch\\\/en\\\/managing-director-and-board-mandate-in-switzerland-zug-zurich\\\/\",\"name\":\"Managing director and board \\u2028mandate in Switzerland, Zug, Zurich - Domizilagentur GmbH\",\"isPartOf\":{\"@id\":\"https:\\\/\\\/www.domizilagentur.ch\\\/en\\\/#website\"},\"primaryImageOfPage\":{\"@id\":\"https:\\\/\\\/www.domizilagentur.ch\\\/en\\\/managing-director-and-board-mandate-in-switzerland-zug-zurich\\\/#primaryimage\"},\"image\":{\"@id\":\"https:\\\/\\\/www.domizilagentur.ch\\\/en\\\/managing-director-and-board-mandate-in-switzerland-zug-zurich\\\/#primaryimage\"},\"thumbnailUrl\":\"https:\\\/\\\/www.domizilagentur.ch\\\/wp-content\\\/uploads\\\/2024\\\/02\\\/Geschaeftsfuehrer-und-VR-Mandat-in-der-Schweiz.webp\",\"datePublished\":\"2024-02-29T13:23:00+00:00\",\"dateModified\":\"2024-11-14T09:34:57+00:00\",\"description\":\"Whether it\u2019s in Zug or Zurich, anyone who has a company in Switzerland needs a managing director or board of directors based in Switzerland.\",\"breadcrumb\":{\"@id\":\"https:\\\/\\\/www.domizilagentur.ch\\\/en\\\/managing-director-and-board-mandate-in-switzerland-zug-zurich\\\/#breadcrumb\"},\"inLanguage\":\"en-US\",\"potentialAction\":[{\"@type\":\"ReadAction\",\"target\":[\"https:\\\/\\\/www.domizilagentur.ch\\\/en\\\/managing-director-and-board-mandate-in-switzerland-zug-zurich\\\/\"]}]},{\"@type\":\"ImageObject\",\"inLanguage\":\"en-US\",\"@id\":\"https:\\\/\\\/www.domizilagentur.ch\\\/en\\\/managing-director-and-board-mandate-in-switzerland-zug-zurich\\\/#primaryimage\",\"url\":\"https:\\\/\\\/www.domizilagentur.ch\\\/wp-content\\\/uploads\\\/2024\\\/02\\\/Geschaeftsfuehrer-und-VR-Mandat-in-der-Schweiz.webp\",\"contentUrl\":\"https:\\\/\\\/www.domizilagentur.ch\\\/wp-content\\\/uploads\\\/2024\\\/02\\\/Geschaeftsfuehrer-und-VR-Mandat-in-der-Schweiz.webp\",\"width\":1400,\"height\":933,\"caption\":\"Gesch\u00e4ftsf\u00fchrer und VR-Mandat in der Schweiz\"},{\"@type\":\"BreadcrumbList\",\"@id\":\"https:\\\/\\\/www.domizilagentur.ch\\\/en\\\/managing-director-and-board-mandate-in-switzerland-zug-zurich\\\/#breadcrumb\",\"itemListElement\":[{\"@type\":\"ListItem\",\"position\":1,\"name\":\"Home\",\"item\":\"https:\\\/\\\/www.domizilagentur.ch\\\/en\\\/\"},{\"@type\":\"ListItem\",\"position\":2,\"name\":\"Managing director and board \\u2028mandate in Switzerland, Zug, Zurich\"}]},{\"@type\":\"WebSite\",\"@id\":\"https:\\\/\\\/www.domizilagentur.ch\\\/en\\\/#website\",\"url\":\"https:\\\/\\\/www.domizilagentur.ch\\\/en\\\/\",\"name\":\"Domizilagentur GmbH\",\"description\":\"\",\"publisher\":{\"@id\":\"https:\\\/\\\/www.domizilagentur.ch\\\/en\\\/#organization\"},\"potentialAction\":[{\"@type\":\"SearchAction\",\"target\":{\"@type\":\"EntryPoint\",\"urlTemplate\":\"https:\\\/\\\/www.domizilagentur.ch\\\/en\\\/?s={search_term_string}\"},\"query-input\":{\"@type\":\"PropertyValueSpecification\",\"valueRequired\":true,\"valueName\":\"search_term_string\"}}],\"inLanguage\":\"en-US\"},{\"@type\":\"Organization\",\"@id\":\"https:\\\/\\\/www.domizilagentur.ch\\\/en\\\/#organization\",\"name\":\"Domizilagentur GmbH\",\"url\":\"https:\\\/\\\/www.domizilagentur.ch\\\/en\\\/\",\"logo\":{\"@type\":\"ImageObject\",\"inLanguage\":\"en-US\",\"@id\":\"https:\\\/\\\/www.domizilagentur.ch\\\/en\\\/#\\\/schema\\\/logo\\\/image\\\/\",\"url\":\"\",\"contentUrl\":\"\",\"caption\":\"Domizilagentur GmbH\"},\"image\":{\"@id\":\"https:\\\/\\\/www.domizilagentur.ch\\\/en\\\/#\\\/schema\\\/logo\\\/image\\\/\"}},{\"@type\":\"Person\",\"@id\":\"https:\\\/\\\/www.domizilagentur.ch\\\/en\\\/#\\\/schema\\\/person\\\/93f8991c07403c6b84d9592138b21b00\",\"name\":\"arben\"}]}<\/script>\n<!-- \/ Yoast SEO Premium plugin. -->","yoast_head_json":{"title":"Managing director and board \u2028mandate in Switzerland, Zug, Zurich - Domizilagentur GmbH","description":"Whether it\u2019s in Zug or Zurich, anyone who has a company in Switzerland needs a managing director or board of directors based in Switzerland.","robots":{"index":"index","follow":"follow","max-snippet":"max-snippet:-1","max-image-preview":"max-image-preview:large","max-video-preview":"max-video-preview:-1"},"canonical":"https:\/\/www.domizilagentur.ch\/en\/managing-director-and-board-mandate-in-switzerland-zug-zurich\/","og_locale":"en_US","og_type":"article","og_title":"Managing director and board \u2028mandate in Switzerland, Zug, Zurich","og_description":"Whether it\u2019s in Zug or Zurich, anyone who has a company in Switzerland needs a managing director or board of directors based in Switzerland.","og_url":"https:\/\/www.domizilagentur.ch\/en\/managing-director-and-board-mandate-in-switzerland-zug-zurich\/","og_site_name":"Domizilagentur GmbH","article_published_time":"2024-02-29T13:23:00+00:00","article_modified_time":"2024-11-14T09:34:57+00:00","og_image":[{"width":1400,"height":933,"url":"https:\/\/www.domizilagentur.ch\/wp-content\/uploads\/2024\/02\/Geschaeftsfuehrer-und-VR-Mandat-in-der-Schweiz.webp","type":"image\/webp"}],"author":"arben","twitter_card":"summary_large_image","twitter_misc":{"Written by":"arben","Est. reading time":"4 minutes"},"schema":{"@context":"https:\/\/schema.org","@graph":[{"@type":"Article","@id":"https:\/\/www.domizilagentur.ch\/en\/managing-director-and-board-mandate-in-switzerland-zug-zurich\/#article","isPartOf":{"@id":"https:\/\/www.domizilagentur.ch\/en\/managing-director-and-board-mandate-in-switzerland-zug-zurich\/"},"author":{"name":"arben","@id":"https:\/\/www.domizilagentur.ch\/en\/#\/schema\/person\/93f8991c07403c6b84d9592138b21b00"},"headline":"Managing director and board \u2028mandate in Switzerland, Zug, Zurich","datePublished":"2024-02-29T13:23:00+00:00","dateModified":"2024-11-14T09:34:57+00:00","mainEntityOfPage":{"@id":"https:\/\/www.domizilagentur.ch\/en\/managing-director-and-board-mandate-in-switzerland-zug-zurich\/"},"wordCount":2102,"publisher":{"@id":"https:\/\/www.domizilagentur.ch\/en\/#organization"},"image":{"@id":"https:\/\/www.domizilagentur.ch\/en\/managing-director-and-board-mandate-in-switzerland-zug-zurich\/#primaryimage"},"thumbnailUrl":"https:\/\/www.domizilagentur.ch\/wp-content\/uploads\/2024\/02\/Geschaeftsfuehrer-und-VR-Mandat-in-der-Schweiz.webp","keywords":["Gesch\u00e4ftsadresse Schweiz","Gesch\u00e4ftsadresse Zug","Gesch\u00e4ftsadresse Z\u00fcrich"],"articleSection":["All"],"inLanguage":"en-US"},{"@type":"WebPage","@id":"https:\/\/www.domizilagentur.ch\/en\/managing-director-and-board-mandate-in-switzerland-zug-zurich\/","url":"https:\/\/www.domizilagentur.ch\/en\/managing-director-and-board-mandate-in-switzerland-zug-zurich\/","name":"Managing director and board \u2028mandate in Switzerland, Zug, Zurich - Domizilagentur GmbH","isPartOf":{"@id":"https:\/\/www.domizilagentur.ch\/en\/#website"},"primaryImageOfPage":{"@id":"https:\/\/www.domizilagentur.ch\/en\/managing-director-and-board-mandate-in-switzerland-zug-zurich\/#primaryimage"},"image":{"@id":"https:\/\/www.domizilagentur.ch\/en\/managing-director-and-board-mandate-in-switzerland-zug-zurich\/#primaryimage"},"thumbnailUrl":"https:\/\/www.domizilagentur.ch\/wp-content\/uploads\/2024\/02\/Geschaeftsfuehrer-und-VR-Mandat-in-der-Schweiz.webp","datePublished":"2024-02-29T13:23:00+00:00","dateModified":"2024-11-14T09:34:57+00:00","description":"Whether it\u2019s in Zug or Zurich, anyone who has a company in Switzerland needs a managing director or board of directors based in Switzerland.","breadcrumb":{"@id":"https:\/\/www.domizilagentur.ch\/en\/managing-director-and-board-mandate-in-switzerland-zug-zurich\/#breadcrumb"},"inLanguage":"en-US","potentialAction":[{"@type":"ReadAction","target":["https:\/\/www.domizilagentur.ch\/en\/managing-director-and-board-mandate-in-switzerland-zug-zurich\/"]}]},{"@type":"ImageObject","inLanguage":"en-US","@id":"https:\/\/www.domizilagentur.ch\/en\/managing-director-and-board-mandate-in-switzerland-zug-zurich\/#primaryimage","url":"https:\/\/www.domizilagentur.ch\/wp-content\/uploads\/2024\/02\/Geschaeftsfuehrer-und-VR-Mandat-in-der-Schweiz.webp","contentUrl":"https:\/\/www.domizilagentur.ch\/wp-content\/uploads\/2024\/02\/Geschaeftsfuehrer-und-VR-Mandat-in-der-Schweiz.webp","width":1400,"height":933,"caption":"Gesch\u00e4ftsf\u00fchrer und VR-Mandat in der Schweiz"},{"@type":"BreadcrumbList","@id":"https:\/\/www.domizilagentur.ch\/en\/managing-director-and-board-mandate-in-switzerland-zug-zurich\/#breadcrumb","itemListElement":[{"@type":"ListItem","position":1,"name":"Home","item":"https:\/\/www.domizilagentur.ch\/en\/"},{"@type":"ListItem","position":2,"name":"Managing director and board \u2028mandate in Switzerland, Zug, Zurich"}]},{"@type":"WebSite","@id":"https:\/\/www.domizilagentur.ch\/en\/#website","url":"https:\/\/www.domizilagentur.ch\/en\/","name":"Domizilagentur GmbH","description":"","publisher":{"@id":"https:\/\/www.domizilagentur.ch\/en\/#organization"},"potentialAction":[{"@type":"SearchAction","target":{"@type":"EntryPoint","urlTemplate":"https:\/\/www.domizilagentur.ch\/en\/?s={search_term_string}"},"query-input":{"@type":"PropertyValueSpecification","valueRequired":true,"valueName":"search_term_string"}}],"inLanguage":"en-US"},{"@type":"Organization","@id":"https:\/\/www.domizilagentur.ch\/en\/#organization","name":"Domizilagentur GmbH","url":"https:\/\/www.domizilagentur.ch\/en\/","logo":{"@type":"ImageObject","inLanguage":"en-US","@id":"https:\/\/www.domizilagentur.ch\/en\/#\/schema\/logo\/image\/","url":"","contentUrl":"","caption":"Domizilagentur GmbH"},"image":{"@id":"https:\/\/www.domizilagentur.ch\/en\/#\/schema\/logo\/image\/"}},{"@type":"Person","@id":"https:\/\/www.domizilagentur.ch\/en\/#\/schema\/person\/93f8991c07403c6b84d9592138b21b00","name":"arben"}]}},"_links":{"self":[{"href":"https:\/\/www.domizilagentur.ch\/en\/wp-json\/wp\/v2\/posts\/7094","targetHints":{"allow":["GET"]}}],"collection":[{"href":"https:\/\/www.domizilagentur.ch\/en\/wp-json\/wp\/v2\/posts"}],"about":[{"href":"https:\/\/www.domizilagentur.ch\/en\/wp-json\/wp\/v2\/types\/post"}],"author":[{"embeddable":true,"href":"https:\/\/www.domizilagentur.ch\/en\/wp-json\/wp\/v2\/users\/1"}],"replies":[{"embeddable":true,"href":"https:\/\/www.domizilagentur.ch\/en\/wp-json\/wp\/v2\/comments?post=7094"}],"version-history":[{"count":0,"href":"https:\/\/www.domizilagentur.ch\/en\/wp-json\/wp\/v2\/posts\/7094\/revisions"}],"wp:featuredmedia":[{"embeddable":true,"href":"https:\/\/www.domizilagentur.ch\/en\/wp-json\/wp\/v2\/media\/7110"}],"wp:attachment":[{"href":"https:\/\/www.domizilagentur.ch\/en\/wp-json\/wp\/v2\/media?parent=7094"}],"wp:term":[{"taxonomy":"category","embeddable":true,"href":"https:\/\/www.domizilagentur.ch\/en\/wp-json\/wp\/v2\/categories?post=7094"},{"taxonomy":"post_tag","embeddable":true,"href":"https:\/\/www.domizilagentur.ch\/en\/wp-json\/wp\/v2\/tags?post=7094"}],"curies":[{"name":"wp","href":"https:\/\/api.w.org\/{rel}","templated":true}]}}